{"id":1109,"date":"2025-02-18T15:35:51","date_gmt":"2025-02-18T14:35:51","guid":{"rendered":"http:\/\/domainedelenvol.fr\/?p=1109"},"modified":"2025-02-18T16:16:56","modified_gmt":"2025-02-18T15:16:56","slug":"la-presse","status":"publish","type":"post","link":"https:\/\/domainedelenvol.fr\/index.php\/2025\/02\/18\/la-presse\/","title":{"rendered":"La Presse"},"content":{"rendered":"\n<p><\/p>\n\n\n<p><a href=\"http:\/\/domainedelenvol.fr\/wp-content\/uploads\/2020\/06\/sylvaner-manala.jpg\"><img loading=\"lazy\" decoding=\"async\" class=\"alignleft wp-image-2283 \" src=\"http:\/\/domainedelenvol.fr\/wp-content\/uploads\/2020\/06\/sylvaner-manala-221x300.jpg\" alt=\"\" width=\"290\" height=\"394\" srcset=\"https:\/\/domainedelenvol.fr\/wp-content\/uploads\/2020\/06\/sylvaner-manala-221x300.jpg 221w, https:\/\/domainedelenvol.fr\/wp-content\/uploads\/2020\/06\/sylvaner-manala.jpg 376w\" sizes=\"(max-width: 290px) 100vw, 290px\" \/><\/a><\/p>\n<p><strong>Printemps 2020<\/strong><\/p>\n<p><a href=\"http:\/\/domainedelenvol.fr\/wp-content\/uploads\/2019\/05\/petitfut\u00e92020.domainedelenvol.jpg\"><img loading=\"lazy\" decoding=\"async\" class=\"alignleft size-medium wp-image-1657\" src=\"http:\/\/domainedelenvol.fr\/wp-content\/uploads\/2019\/05\/petitfut\u00e92020.domainedelenvol-300x214.jpg\" alt=\"\" width=\"300\" height=\"214\" srcset=\"https:\/\/domainedelenvol.fr\/wp-content\/uploads\/2019\/05\/petitfut\u00e92020.domainedelenvol-300x214.jpg 300w, https:\/\/domainedelenvol.fr\/wp-content\/uploads\/2019\/05\/petitfut\u00e92020.domainedelenvol-768x547.jpg 768w, https:\/\/domainedelenvol.fr\/wp-content\/uploads\/2019\/05\/petitfut\u00e92020.domainedelenvol.jpg 799w\" sizes=\"(max-width: 300px) 100vw, 300px\" \/><\/a><\/p>\n<p><strong>Mai 2019<\/strong><\/p>\n<p><a href=\"http:\/\/domainedelenvol.fr\/wp-content\/uploads\/2017\/08\/larvfdomainedelenvol.jpg\"><img loading=\"lazy\" decoding=\"async\" class=\"alignleft size-full wp-image-1423\" src=\"http:\/\/domainedelenvol.fr\/wp-content\/uploads\/2017\/08\/larvfdomainedelenvol.jpg\" alt=\"\" width=\"197\" height=\"255\" \/><\/a><\/p>\n<p><strong>Printemps 2019<\/strong><\/p>\n<p><a href=\"http:\/\/domainedelenvol.fr\/wp-content\/uploads\/2019\/05\/petitfut\u00e9.coupdecoeur.domainedelenvol.jpg\"><img loading=\"lazy\" decoding=\"async\" class=\"alignleft size-medium wp-image-1655\" src=\"http:\/\/domainedelenvol.fr\/wp-content\/uploads\/2019\/05\/petitfut\u00e9.coupdecoeur.domainedelenvol-300x292.jpg\" alt=\"\" width=\"300\" height=\"292\" srcset=\"https:\/\/domainedelenvol.fr\/wp-content\/uploads\/2019\/05\/petitfut\u00e9.coupdecoeur.domainedelenvol-300x292.jpg 300w, https:\/\/domainedelenvol.fr\/wp-content\/uploads\/2019\/05\/petitfut\u00e9.coupdecoeur.domainedelenvol-768x748.jpg 768w, https:\/\/domainedelenvol.fr\/wp-content\/uploads\/2019\/05\/petitfut\u00e9.coupdecoeur.domainedelenvol-1024x998.jpg 1024w, https:\/\/domainedelenvol.fr\/wp-content\/uploads\/2019\/05\/petitfut\u00e9.coupdecoeur.domainedelenvol.jpg 1564w\" sizes=\"(max-width: 300px) 100vw, 300px\" \/><\/a><\/p>\n<p><strong>Fin d&rsquo;ann\u00e9e 2018<\/strong><\/p>\n<p><a href=\"http:\/\/domainedelenvol.fr\/wp-content\/uploads\/2017\/08\/tendancesfoodandgoodalsace.jpg\"><img loading=\"lazy\" decoding=\"async\" class=\"alignleft size-medium wp-image-1350\" src=\"http:\/\/domainedelenvol.fr\/wp-content\/uploads\/2017\/08\/tendancesfoodandgoodalsace-232x300.jpg\" alt=\"\" width=\"232\" height=\"300\" srcset=\"https:\/\/domainedelenvol.fr\/wp-content\/uploads\/2017\/08\/tendancesfoodandgoodalsace-232x300.jpg 232w, https:\/\/domainedelenvol.fr\/wp-content\/uploads\/2017\/08\/tendancesfoodandgoodalsace-768x992.jpg 768w, https:\/\/domainedelenvol.fr\/wp-content\/uploads\/2017\/08\/tendancesfoodandgoodalsace-793x1024.jpg 793w, https:\/\/domainedelenvol.fr\/wp-content\/uploads\/2017\/08\/tendancesfoodandgoodalsace.jpg 1231w\" sizes=\"(max-width: 232px) 100vw, 232px\" \/><\/a><a href=\"http:\/\/domainedelenvol.fr\/wp-content\/uploads\/2017\/08\/la-revue-des-vins-de-france.jpg\"><img loading=\"lazy\" decoding=\"async\" class=\"alignleft size-medium wp-image-1353\" src=\"http:\/\/domainedelenvol.fr\/wp-content\/uploads\/2017\/08\/la-revue-des-vins-de-france-232x300.jpg\" alt=\"\" width=\"232\" height=\"300\" srcset=\"https:\/\/domainedelenvol.fr\/wp-content\/uploads\/2017\/08\/la-revue-des-vins-de-france-232x300.jpg 232w, https:\/\/domainedelenvol.fr\/wp-content\/uploads\/2017\/08\/la-revue-des-vins-de-france-768x995.jpg 768w, https:\/\/domainedelenvol.fr\/wp-content\/uploads\/2017\/08\/la-revue-des-vins-de-france-790x1024.jpg 790w\" sizes=\"(max-width: 232px) 100vw, 232px\" \/><\/a><\/p>\n<p><strong>Janvier 2018 &#8211; Quand les jeunes prennent leurs envols &#8230;<\/strong><\/p>\n<p><a href=\"http:\/\/domainedelenvol.fr\/wp-content\/uploads\/2017\/08\/bulledemuscat.jpg\"><img loading=\"lazy\" decoding=\"async\" class=\"wp-image-1348 alignleft\" src=\"http:\/\/domainedelenvol.fr\/wp-content\/uploads\/2017\/08\/bulledemuscat-143x300.jpg\" alt=\"\" width=\"157\" height=\"329\" srcset=\"https:\/\/domainedelenvol.fr\/wp-content\/uploads\/2017\/08\/bulledemuscat-143x300.jpg 143w, https:\/\/domainedelenvol.fr\/wp-content\/uploads\/2017\/08\/bulledemuscat.jpg 313w\" sizes=\"(max-width: 157px) 100vw, 157px\" \/><\/a><\/p>\n<p><strong>\u00a0Vendange 2017 &#8211; <\/strong><strong>\u00ab\u00a0Association de bienfaiteurs\u00a0\u00bb Article \u00e9crit par Jean Daniel Kientz<br \/><\/strong><\/p>\n<p><a href=\"http:\/\/domainedelenvol.fr\/wp-content\/uploads\/2017\/08\/de-g-a-d-daniel-hirsinger-sa-soeur-catherine-et-son-futur-mari-raphael-marchal-forment-le-trio-de-tete-au-sein-du-domaine-de-l-envol-a-ingersheim-photo-l-alsace-herve-kielwasser-1504721421.jpg\"><img loading=\"lazy\" decoding=\"async\" class=\"alignleft size-medium wp-image-1144\" src=\"http:\/\/domainedelenvol.fr\/wp-content\/uploads\/2017\/08\/de-g-a-d-daniel-hirsinger-sa-soeur-catherine-et-son-futur-mari-raphael-marchal-forment-le-trio-de-tete-au-sein-du-domaine-de-l-envol-a-ingersheim-photo-l-alsace-herve-kielwasser-1504721421-300x192.jpg\" alt=\"\" width=\"300\" height=\"192\" srcset=\"https:\/\/domainedelenvol.fr\/wp-content\/uploads\/2017\/08\/de-g-a-d-daniel-hirsinger-sa-soeur-catherine-et-son-futur-mari-raphael-marchal-forment-le-trio-de-tete-au-sein-du-domaine-de-l-envol-a-ingersheim-photo-l-alsace-herve-kielwasser-1504721421-300x192.jpg 300w, https:\/\/domainedelenvol.fr\/wp-content\/uploads\/2017\/08\/de-g-a-d-daniel-hirsinger-sa-soeur-catherine-et-son-futur-mari-raphael-marchal-forment-le-trio-de-tete-au-sein-du-domaine-de-l-envol-a-ingersheim-photo-l-alsace-herve-kielwasser-1504721421-768x491.jpg 768w, https:\/\/domainedelenvol.fr\/wp-content\/uploads\/2017\/08\/de-g-a-d-daniel-hirsinger-sa-soeur-catherine-et-son-futur-mari-raphael-marchal-forment-le-trio-de-tete-au-sein-du-domaine-de-l-envol-a-ingersheim-photo-l-alsace-herve-kielwasser-1504721421.jpg 840w\" sizes=\"(max-width: 300px) 100vw, 300px\" \/><\/a><\/p>\n<p><span style=\"color: #800080;\"><a style=\"color: #800080;\" href=\"http:\/\/www.lalsace.fr\/haut-rhin\/2017\/09\/07\/association-de-bienfaiteurs\" target=\"_blank\" rel=\"noopener noreferrer\">Article Journal l&rsquo;Alsace<\/a><\/span><\/p>\n<p><strong>Vendange 2017 &#8211; \u00ab\u00a0Ils sont jeunes et lancent leur domaine viticole pr\u00e8s de Colmar\u00a0\u00bb Article \u00e9crit par Guillaume Chhum<\/strong><\/p>\n<p><a href=\"http:\/\/domainedelenvol.fr\/wp-content\/uploads\/2017\/08\/francebleu.jpg\"><img loading=\"lazy\" decoding=\"async\" class=\"alignleft size-medium wp-image-1183\" src=\"http:\/\/domainedelenvol.fr\/wp-content\/uploads\/2017\/08\/francebleu-300x225.jpg\" alt=\"\" width=\"300\" height=\"225\" srcset=\"https:\/\/domainedelenvol.fr\/wp-content\/uploads\/2017\/08\/francebleu-300x225.jpg 300w, https:\/\/domainedelenvol.fr\/wp-content\/uploads\/2017\/08\/francebleu-768x576.jpg 768w, https:\/\/domainedelenvol.fr\/wp-content\/uploads\/2017\/08\/francebleu.jpg 860w\" sizes=\"(max-width: 300px) 100vw, 300px\" \/><\/a><\/p>\n<h1>\u00a0<\/h1>\n<p><span style=\"color: #800080;\"><a style=\"color: #800080;\" href=\"https:\/\/www.francebleu.fr\/infos\/agriculture-peche\/ils-sont-jeunes-et-lancent-leur-domaine-viticole-pres-de-colmar-pour-le-millesime-2017-1504291416?xtmc=domaine%20de%20l%27envol&amp;xtnp=1&amp;xtcr=7\" target=\"_blank\" rel=\"noopener noreferrer\">Article France Bleu<\/a><\/span><\/p>","protected":false},"excerpt":{"rendered":"<p>Printemps 2020 Mai 2019 Printemps 2019 Fin d&rsquo;ann\u00e9e 2018 Janvier 2018 &#8211; Quand les jeunes prennent leurs envols &#8230; \u00a0Vendange 2017 &#8211; \u00ab\u00a0Association de bienfaiteurs\u00a0\u00bb Article \u00e9crit par Jean Daniel Kientz Article Journal l&rsquo;Alsace&#46;&#46;&#46;<\/p>\n","protected":false},"author":1,"featured_media":1129,"comment_status":"closed","ping_status":"closed","sticky":false,"template":"","format":"standard","meta":{"footnotes":""},"categories":[1],"tags":[],"yoast_head":"<!-- This site is optimized with the Yoast SEO plugin v21.5 - https:\/\/yoast.com\/wordpress\/plugins\/seo\/ -->\n<title>La Presse - Domaine De l&#039;Envol - Vins d&#039;Alsace<\/title>\n<meta name=\"robots\" content=\"index, follow, max-snippet:-1, max-image-preview:large, max-video-preview:-1\" \/>\n<link rel=\"canonical\" href=\"https:\/\/domainedelenvol.fr\/index.php\/2025\/02\/18\/la-presse\/\" \/>\n<meta property=\"og:locale\" content=\"fr_FR\" \/>\n<meta property=\"og:type\" content=\"article\" \/>\n<meta property=\"og:title\" content=\"La Presse - Domaine De l&#039;Envol - Vins d&#039;Alsace\" \/>\n<meta property=\"og:description\" content=\"Printemps 2020 Mai 2019 Printemps 2019 Fin d&rsquo;ann\u00e9e 2018 Janvier 2018 &#8211; Quand les jeunes prennent leurs envols &#8230; \u00a0Vendange 2017 &#8211; \u00ab\u00a0Association de bienfaiteurs\u00a0\u00bb Article \u00e9crit par Jean Daniel Kientz Article Journal l&rsquo;Alsace&#046;&#046;&#046;\" \/>\n<meta property=\"og:url\" content=\"https:\/\/domainedelenvol.fr\/index.php\/2025\/02\/18\/la-presse\/\" \/>\n<meta property=\"og:site_name\" content=\"Domaine De l&#039;Envol - Vins d&#039;Alsace\" \/>\n<meta property=\"article:published_time\" content=\"2025-02-18T14:35:51+00:00\" \/>\n<meta property=\"article:modified_time\" content=\"2025-02-18T15:16:56+00:00\" \/>\n<meta property=\"og:image\" content=\"https:\/\/domainedelenvol.fr\/wp-content\/uploads\/2017\/08\/01.jpg\" \/>\n\t<meta property=\"og:image:width\" content=\"1600\" \/>\n\t<meta property=\"og:image:height\" content=\"1100\" \/>\n\t<meta property=\"og:image:type\" content=\"image\/jpeg\" \/>\n<meta name=\"author\" content=\"Catherine\" \/>\n<meta name=\"twitter:card\" content=\"summary_large_image\" \/>\n<meta name=\"twitter:label1\" content=\"\u00c9crit par\" \/>\n\t<meta name=\"twitter:data1\" content=\"Catherine\" \/>\n\t<meta name=\"twitter:label2\" content=\"Dur\u00e9e de lecture estim\u00e9e\" \/>\n\t<meta name=\"twitter:data2\" content=\"3 minutes\" \/>\n<script type=\"application\/ld+json\" class=\"yoast-schema-graph\">{\"@context\":\"https:\/\/schema.org\",\"@graph\":[{\"@type\":\"Article\",\"@id\":\"https:\/\/domainedelenvol.fr\/index.php\/2025\/02\/18\/la-presse\/#article\",\"isPartOf\":{\"@id\":\"https:\/\/domainedelenvol.fr\/index.php\/2025\/02\/18\/la-presse\/\"},\"author\":{\"name\":\"Catherine\",\"@id\":\"https:\/\/domainedelenvol.fr\/#\/schema\/person\/5223fdead45d8eeba92dd6356183ff07\"},\"headline\":\"La Presse\",\"datePublished\":\"2025-02-18T14:35:51+00:00\",\"dateModified\":\"2025-02-18T15:16:56+00:00\",\"mainEntityOfPage\":{\"@id\":\"https:\/\/domainedelenvol.fr\/index.php\/2025\/02\/18\/la-presse\/\"},\"wordCount\":52,\"publisher\":{\"@id\":\"https:\/\/domainedelenvol.fr\/#organization\"},\"articleSection\":[\"Actualit\u00e9s\"],\"inLanguage\":\"fr-FR\"},{\"@type\":\"WebPage\",\"@id\":\"https:\/\/domainedelenvol.fr\/index.php\/2025\/02\/18\/la-presse\/\",\"url\":\"https:\/\/domainedelenvol.fr\/index.php\/2025\/02\/18\/la-presse\/\",\"name\":\"La Presse - Domaine De l&#039;Envol - Vins d&#039;Alsace\",\"isPartOf\":{\"@id\":\"https:\/\/domainedelenvol.fr\/#website\"},\"datePublished\":\"2025-02-18T14:35:51+00:00\",\"dateModified\":\"2025-02-18T15:16:56+00:00\",\"breadcrumb\":{\"@id\":\"https:\/\/domainedelenvol.fr\/index.php\/2025\/02\/18\/la-presse\/#breadcrumb\"},\"inLanguage\":\"fr-FR\",\"potentialAction\":[{\"@type\":\"ReadAction\",\"target\":[\"https:\/\/domainedelenvol.fr\/index.php\/2025\/02\/18\/la-presse\/\"]}]},{\"@type\":\"BreadcrumbList\",\"@id\":\"https:\/\/domainedelenvol.fr\/index.php\/2025\/02\/18\/la-presse\/#breadcrumb\",\"itemListElement\":[{\"@type\":\"ListItem\",\"position\":1,\"name\":\"Accueil\",\"item\":\"https:\/\/domainedelenvol.fr\/\"},{\"@type\":\"ListItem\",\"position\":2,\"name\":\"La Presse\"}]},{\"@type\":\"WebSite\",\"@id\":\"https:\/\/domainedelenvol.fr\/#website\",\"url\":\"https:\/\/domainedelenvol.fr\/\",\"name\":\"Domaine De l&#039;Envol - Vins d&#039;Alsace\",\"description\":\"\",\"publisher\":{\"@id\":\"https:\/\/domainedelenvol.fr\/#organization\"},\"potentialAction\":[{\"@type\":\"SearchAction\",\"target\":{\"@type\":\"EntryPoint\",\"urlTemplate\":\"https:\/\/domainedelenvol.fr\/?s={search_term_string}\"},\"query-input\":\"required name=search_term_string\"}],\"inLanguage\":\"fr-FR\"},{\"@type\":\"Organization\",\"@id\":\"https:\/\/domainedelenvol.fr\/#organization\",\"name\":\"Domaine de l'Envol\",\"url\":\"https:\/\/domainedelenvol.fr\/\",\"logo\":{\"@type\":\"ImageObject\",\"inLanguage\":\"fr-FR\",\"@id\":\"https:\/\/domainedelenvol.fr\/#\/schema\/logo\/image\/\",\"url\":\"https:\/\/domainedelenvol.fr\/wp-content\/uploads\/2017\/04\/cropped-Domaine-de-lEnvol-logo-2.png\",\"contentUrl\":\"https:\/\/domainedelenvol.fr\/wp-content\/uploads\/2017\/04\/cropped-Domaine-de-lEnvol-logo-2.png\",\"width\":1450,\"height\":864,\"caption\":\"Domaine de l'Envol\"},\"image\":{\"@id\":\"https:\/\/domainedelenvol.fr\/#\/schema\/logo\/image\/\"}},{\"@type\":\"Person\",\"@id\":\"https:\/\/domainedelenvol.fr\/#\/schema\/person\/5223fdead45d8eeba92dd6356183ff07\",\"name\":\"Catherine\",\"url\":\"https:\/\/domainedelenvol.fr\/index.php\/author\/admin1972\/\"}]}<\/script>\n<!-- \/ Yoast SEO plugin. -->","yoast_head_json":{"title":"La Presse - Domaine De l&#039;Envol - Vins d&#039;Alsace","robots":{"index":"index","follow":"follow","max-snippet":"max-snippet:-1","max-image-preview":"max-image-preview:large","max-video-preview":"max-video-preview:-1"},"canonical":"https:\/\/domainedelenvol.fr\/index.php\/2025\/02\/18\/la-presse\/","og_locale":"fr_FR","og_type":"article","og_title":"La Presse - Domaine De l&#039;Envol - Vins d&#039;Alsace","og_description":"Printemps 2020 Mai 2019 Printemps 2019 Fin d&rsquo;ann\u00e9e 2018 Janvier 2018 &#8211; Quand les jeunes prennent leurs envols &#8230; \u00a0Vendange 2017 &#8211; \u00ab\u00a0Association de bienfaiteurs\u00a0\u00bb Article \u00e9crit par Jean Daniel Kientz Article Journal l&rsquo;Alsace&#46;&#46;&#46;","og_url":"https:\/\/domainedelenvol.fr\/index.php\/2025\/02\/18\/la-presse\/","og_site_name":"Domaine De l&#039;Envol - Vins d&#039;Alsace","article_published_time":"2025-02-18T14:35:51+00:00","article_modified_time":"2025-02-18T15:16:56+00:00","og_image":[{"width":1600,"height":1100,"url":"https:\/\/domainedelenvol.fr\/wp-content\/uploads\/2017\/08\/01.jpg","type":"image\/jpeg"}],"author":"Catherine","twitter_card":"summary_large_image","twitter_misc":{"\u00c9crit par":"Catherine","Dur\u00e9e de lecture estim\u00e9e":"3 minutes"},"schema":{"@context":"https:\/\/schema.org","@graph":[{"@type":"Article","@id":"https:\/\/domainedelenvol.fr\/index.php\/2025\/02\/18\/la-presse\/#article","isPartOf":{"@id":"https:\/\/domainedelenvol.fr\/index.php\/2025\/02\/18\/la-presse\/"},"author":{"name":"Catherine","@id":"https:\/\/domainedelenvol.fr\/#\/schema\/person\/5223fdead45d8eeba92dd6356183ff07"},"headline":"La Presse","datePublished":"2025-02-18T14:35:51+00:00","dateModified":"2025-02-18T15:16:56+00:00","mainEntityOfPage":{"@id":"https:\/\/domainedelenvol.fr\/index.php\/2025\/02\/18\/la-presse\/"},"wordCount":52,"publisher":{"@id":"https:\/\/domainedelenvol.fr\/#organization"},"articleSection":["Actualit\u00e9s"],"inLanguage":"fr-FR"},{"@type":"WebPage","@id":"https:\/\/domainedelenvol.fr\/index.php\/2025\/02\/18\/la-presse\/","url":"https:\/\/domainedelenvol.fr\/index.php\/2025\/02\/18\/la-presse\/","name":"La Presse - Domaine De l&#039;Envol - Vins d&#039;Alsace","isPartOf":{"@id":"https:\/\/domainedelenvol.fr\/#website"},"datePublished":"2025-02-18T14:35:51+00:00","dateModified":"2025-02-18T15:16:56+00:00","breadcrumb":{"@id":"https:\/\/domainedelenvol.fr\/index.php\/2025\/02\/18\/la-presse\/#breadcrumb"},"inLanguage":"fr-FR","potentialAction":[{"@type":"ReadAction","target":["https:\/\/domainedelenvol.fr\/index.php\/2025\/02\/18\/la-presse\/"]}]},{"@type":"BreadcrumbList","@id":"https:\/\/domainedelenvol.fr\/index.php\/2025\/02\/18\/la-presse\/#breadcrumb","itemListElement":[{"@type":"ListItem","position":1,"name":"Accueil","item":"https:\/\/domainedelenvol.fr\/"},{"@type":"ListItem","position":2,"name":"La Presse"}]},{"@type":"WebSite","@id":"https:\/\/domainedelenvol.fr\/#website","url":"https:\/\/domainedelenvol.fr\/","name":"Domaine De l&#039;Envol - Vins d&#039;Alsace","description":"","publisher":{"@id":"https:\/\/domainedelenvol.fr\/#organization"},"potentialAction":[{"@type":"SearchAction","target":{"@type":"EntryPoint","urlTemplate":"https:\/\/domainedelenvol.fr\/?s={search_term_string}"},"query-input":"required name=search_term_string"}],"inLanguage":"fr-FR"},{"@type":"Organization","@id":"https:\/\/domainedelenvol.fr\/#organization","name":"Domaine de l'Envol","url":"https:\/\/domainedelenvol.fr\/","logo":{"@type":"ImageObject","inLanguage":"fr-FR","@id":"https:\/\/domainedelenvol.fr\/#\/schema\/logo\/image\/","url":"https:\/\/domainedelenvol.fr\/wp-content\/uploads\/2017\/04\/cropped-Domaine-de-lEnvol-logo-2.png","contentUrl":"https:\/\/domainedelenvol.fr\/wp-content\/uploads\/2017\/04\/cropped-Domaine-de-lEnvol-logo-2.png","width":1450,"height":864,"caption":"Domaine de l'Envol"},"image":{"@id":"https:\/\/domainedelenvol.fr\/#\/schema\/logo\/image\/"}},{"@type":"Person","@id":"https:\/\/domainedelenvol.fr\/#\/schema\/person\/5223fdead45d8eeba92dd6356183ff07","name":"Catherine","url":"https:\/\/domainedelenvol.fr\/index.php\/author\/admin1972\/"}]}},"_links":{"self":[{"href":"https:\/\/domainedelenvol.fr\/index.php\/wp-json\/wp\/v2\/posts\/1109"}],"collection":[{"href":"https:\/\/domainedelenvol.fr\/index.php\/wp-json\/wp\/v2\/posts"}],"about":[{"href":"https:\/\/domainedelenvol.fr\/index.php\/wp-json\/wp\/v2\/types\/post"}],"author":[{"embeddable":true,"href":"https:\/\/domainedelenvol.fr\/index.php\/wp-json\/wp\/v2\/users\/1"}],"replies":[{"embeddable":true,"href":"https:\/\/domainedelenvol.fr\/index.php\/wp-json\/wp\/v2\/comments?post=1109"}],"version-history":[{"count":18,"href":"https:\/\/domainedelenvol.fr\/index.php\/wp-json\/wp\/v2\/posts\/1109\/revisions"}],"predecessor-version":[{"id":2285,"href":"https:\/\/domainedelenvol.fr\/index.php\/wp-json\/wp\/v2\/posts\/1109\/revisions\/2285"}],"wp:featuredmedia":[{"embeddable":true,"href":"https:\/\/domainedelenvol.fr\/index.php\/wp-json\/wp\/v2\/media\/1129"}],"wp:attachment":[{"href":"https:\/\/domainedelenvol.fr\/index.php\/wp-json\/wp\/v2\/media?parent=1109"}],"wp:term":[{"taxonomy":"category","embeddable":true,"href":"https:\/\/domainedelenvol.fr\/index.php\/wp-json\/wp\/v2\/categories?post=1109"},{"taxonomy":"post_tag","embeddable":true,"href":"https:\/\/domainedelenvol.fr\/index.php\/wp-json\/wp\/v2\/tags?post=1109"}],"curies":[{"name":"wp","href":"https:\/\/api.w.org\/{rel}","templated":true}]}}